{"id":5068,"date":"2026-03-27T18:57:00","date_gmt":"2026-03-27T16:57:00","guid":{"rendered":"https:\/\/sibirijasberni.lv\/?p=5068"},"modified":"2026-03-27T18:57:00","modified_gmt":"2026-03-27T16:57:00","slug":"par-koncertu-aizvestajiem-25-marta-vakara","status":"publish","type":"post","link":"https:\/\/sibirijasberni.lv\/RU\/jaunumi\/par-koncertu-aizvestajiem-25-marta-vakara\/","title":{"rendered":"Par koncertu &#171;Aizvestajiem&#187; 25. marta vakar\u0101"},"content":{"rendered":"<p class=\"qtranxs-available-languages-message qtranxs-available-languages-message-RU\">\u041d\u0435\u043f\u0435\u0440\u0435\u0432\u0435\u0434\u0435\u043d\u043e!<\/p><p><span style=\"color: #000000; font-family: arial, sans-serif;\">R\u012bgas Sv\u0113t\u0101 J\u0101\u0146a bazn\u012bc\u0101 25. marta vakar\u0101 notika koncerts &#171;Aizvestajiem&#187;, pieminot 77 gadus kop\u0161 1949. gada deport\u0101cij\u0101m, kuru laik\u0101 izs\u016bt\u012bja vair\u0101k nek\u0101 42 t\u016bksto\u0161us cilv\u0113ku. Koncertu apmekl\u0113ja vair\u0101k k\u0101 100 klaus\u012bt\u0101ju.&nbsp; Koncert\u0101 uzst\u0101j\u0101s Latvijas Kult\u016bras akad\u0113mijas jauktais koris &#171;S\u00f5la&#187;, m\u0101kslinieciskais vad\u012bt\u0101js Kaspars \u0100damsons, diri\u0123enti J\u0113kabs Bern\u0101ts un Roberta Kums\u0101re, un solisti Arv\u012bds Zvagulis (vijole), Ilze Reine (\u0113r\u0123eles). Liels paldies korim un diri\u0123entam Kasparam \u0100damsonam!<\/span><\/p>\n<div>\n<p class=\"jetpack-slideshow-noscript robots-nocontent\">\u042d\u0442\u043e \u0441\u043b\u0430\u0439\u0434-\u0448\u043e\u0443 \u0442\u0440\u0435\u0431\u0443\u0435\u0442 JavaScript.<\/p><div id=\"gallery-5068-1-slideshow\" class=\"jetpack-slideshow-window jetpack-slideshow jetpack-slideshow-black\" data-trans=\"fade\" data-autostart=\"1\" data-gallery=\"[{&quot;src&quot;:&quot;https:\\\/\\\/i0.wp.com\\\/sibirijasberni.lv\\\/wp-content\\\/uploads\\\/2026\\\/03\\\/Koris-5.jpeg.jpg?fit=1500%2C744\\u0026ssl=1&quot;,&quot;id&quot;:&quot;5069&quot;,&quot;title&quot;:&quot;Koris 5.jpeg&quot;,&quot;alt&quot;:&quot;&quot;,&quot;caption&quot;:&quot;&quot;,&quot;itemprop&quot;:&quot;image&quot;},{&quot;src&quot;:&quot;https:\\\/\\\/i0.wp.com\\\/sibirijasberni.lv\\\/wp-content\\\/uploads\\\/2026\\\/03\\\/Koris-7.jpeg.jpg?fit=1500%2C929\\u0026ssl=1&quot;,&quot;id&quot;:&quot;5070&quot;,&quot;title&quot;:&quot;Koris 7.jpeg&quot;,&quot;alt&quot;:&quot;&quot;,&quot;caption&quot;:&quot;&quot;,&quot;itemprop&quot;:&quot;image&quot;},{&quot;src&quot;:&quot;https:\\\/\\\/i0.wp.com\\\/sibirijasberni.lv\\\/wp-content\\\/uploads\\\/2026\\\/03\\\/Koris-7-1.jpeg.jpg?fit=1500%2C937\\u0026ssl=1&quot;,&quot;id&quot;:&quot;5071&quot;,&quot;title&quot;:&quot;Koris 7-1.jpeg&quot;,&quot;alt&quot;:&quot;&quot;,&quot;caption&quot;:&quot;&quot;,&quot;itemprop&quot;:&quot;image&quot;},{&quot;src&quot;:&quot;https:\\\/\\\/i0.wp.com\\\/sibirijasberni.lv\\\/wp-content\\\/uploads\\\/2026\\\/03\\\/Koris-8-4.jpeg.jpg?fit=1500%2C747\\u0026ssl=1&quot;,&quot;id&quot;:&quot;5072&quot;,&quot;title&quot;:&quot;Koris 8-4.jpeg&quot;,&quot;alt&quot;:&quot;&quot;,&quot;caption&quot;:&quot;&quot;,&quot;itemprop&quot;:&quot;image&quot;},{&quot;src&quot;:&quot;https:\\\/\\\/i0.wp.com\\\/sibirijasberni.lv\\\/wp-content\\\/uploads\\\/2026\\\/03\\\/Koris-8-5.jpeg.jpg?fit=1500%2C744\\u0026ssl=1&quot;,&quot;id&quot;:&quot;5073&quot;,&quot;title&quot;:&quot;Koris 8-5.jpeg&quot;,&quot;alt&quot;:&quot;&quot;,&quot;caption&quot;:&quot;&quot;,&quot;itemprop&quot;:&quot;image&quot;},{&quot;src&quot;:&quot;https:\\\/\\\/i0.wp.com\\\/sibirijasberni.lv\\\/wp-content\\\/uploads\\\/2026\\\/03\\\/Koris-8-6.jpeg.jpg?fit=1500%2C732\\u0026ssl=1&quot;,&quot;id&quot;:&quot;5074&quot;,&quot;title&quot;:&quot;Koris 8-6.jpeg&quot;,&quot;alt&quot;:&quot;&quot;,&quot;caption&quot;:&quot;&quot;,&quot;itemprop&quot;:&quot;image&quot;}]\" itemscope itemtype=\"https:\/\/schema.org\/ImageGallery\"><\/div>\n<\/div>\n<p><\/p>","protected":false},"excerpt":{"rendered":"<p>\u041d\u0435\u043f\u0435\u0440\u0435\u0432\u0435\u0434\u0435\u043d\u043e!R\u012bgas Sv\u0113t\u0101 J\u0101\u0146a bazn\u012bc\u0101 25. marta vakar\u0101 notika koncerts &#171;Aizvestajiem&#187;, pieminot 77 gadus kop\u0161 1949. gada deport\u0101cij\u0101m, kuru laik\u0101 izs\u016bt\u012bja vair\u0101k nek\u0101 42 t\u016bksto\u0161us cilv\u0113ku. Koncertu apmekl\u0113ja vair\u0101k k\u0101 100 klaus\u012bt\u0101ju.&nbsp; Koncert\u0101 uzst\u0101j\u0101s Latvijas Kult\u016bras akad\u0113mijas jauktais koris &#171;S\u00f5la&#187;, m\u0101kslinieciskais vad\u012bt\u0101js Kaspars \u0100damsons, diri\u0123enti J\u0113kabs Bern\u0101ts un Roberta Kums\u0101re, un solisti Arv\u012bds Zvagulis (vijole), Ilze &hellip; <a href=\"https:\/\/sibirijasberni.lv\/RU\/jaunumi\/par-koncertu-aizvestajiem-25-marta-vakara\/\" class=\"more-link\">\u0427\u0438\u0442\u0430\u0442\u044c \u0434\u0430\u043b\u0435\u0435<span class=\"screen-reader-text\"> \u00abPar koncertu &#171;Aizvestajiem&#187; 25. marta vakar\u0101\u00bb<\/span><\/a><\/p>\n","protected":false},"author":1,"featured_media":5069,"comment_status":"open","ping_status":"open","sticky":false,"template":"","format":"standard","meta":{"ngg_post_thumbnail":0,"jetpack_post_was_ever_published":false,"_jetpack_newsletter_access":"","_jetpack_dont_email_post_to_subs":false,"_jetpack_newsletter_tier_id":0,"_jetpack_memberships_contains_paywalled_content":false,"_jetpack_memberships_contains_paid_content":false,"footnotes":"","jetpack_publicize_message":"","jetpack_publicize_feature_enabled":true,"jetpack_social_post_already_shared":true,"jetpack_social_options":{"image_generator_settings":{"template":"highway","default_image_id":0,"font":"","enabled":false},"version":2}},"categories":[6,1,7],"tags":[],"class_list":["post-5068","post","type-post","status-publish","format-standard","has-post-thumbnail","hentry","category-info","category-jaunumi","category-pieminas-pasakumi"],"jetpack_publicize_connections":[],"jetpack_featured_media_url":"https:\/\/i0.wp.com\/sibirijasberni.lv\/wp-content\/uploads\/2026\/03\/Koris-5.jpeg.jpg?fit=1500%2C744&ssl=1","jetpack_shortlink":"https:\/\/wp.me\/p2UUg9-1jK","jetpack_sharing_enabled":true,"jetpack_likes_enabled":true,"jetpack-related-posts":[],"_links":{"self":[{"href":"https:\/\/sibirijasberni.lv\/RU\/wp-json\/wp\/v2\/posts\/5068","targetHints":{"allow":["GET"]}}],"collection":[{"href":"https:\/\/sibirijasberni.lv\/RU\/wp-json\/wp\/v2\/posts"}],"about":[{"href":"https:\/\/sibirijasberni.lv\/RU\/wp-json\/wp\/v2\/types\/post"}],"author":[{"embeddable":true,"href":"https:\/\/sibirijasberni.lv\/RU\/wp-json\/wp\/v2\/users\/1"}],"replies":[{"embeddable":true,"href":"https:\/\/sibirijasberni.lv\/RU\/wp-json\/wp\/v2\/comments?post=5068"}],"version-history":[{"count":1,"href":"https:\/\/sibirijasberni.lv\/RU\/wp-json\/wp\/v2\/posts\/5068\/revisions"}],"predecessor-version":[{"id":5075,"href":"https:\/\/sibirijasberni.lv\/RU\/wp-json\/wp\/v2\/posts\/5068\/revisions\/5075"}],"wp:featuredmedia":[{"embeddable":true,"href":"https:\/\/sibirijasberni.lv\/RU\/wp-json\/wp\/v2\/media\/5069"}],"wp:attachment":[{"href":"https:\/\/sibirijasberni.lv\/RU\/wp-json\/wp\/v2\/media?parent=5068"}],"wp:term":[{"taxonomy":"category","embeddable":true,"href":"https:\/\/sibirijasberni.lv\/RU\/wp-json\/wp\/v2\/categories?post=5068"},{"taxonomy":"post_tag","embeddable":true,"href":"https:\/\/sibirijasberni.lv\/RU\/wp-json\/wp\/v2\/tags?post=5068"}],"curies":[{"name":"wp","href":"https:\/\/api.w.org\/{rel}","templated":true}]}}